{"id":619,"date":"2025-06-19T15:39:40","date_gmt":"2025-06-19T13:39:40","guid":{"rendered":"https:\/\/www.festivalmontalfonso.it\/?p=619"},"modified":"2025-07-04T12:47:28","modified_gmt":"2025-07-04T10:47:28","slug":"resistenza-in-lucchesia","status":"publish","type":"post","link":"https:\/\/www.festivalmontalfonso.it\/index.php\/2025\/06\/19\/resistenza-in-lucchesia\/","title":{"rendered":"La Resistenza in Lucchesia"},"content":{"rendered":"<table width=\"1000%\">\n<tbody>\n<tr>\n<td>\n<h4><strong>Gioved\u00ec 24 Luglio ore 21:15<\/strong><\/h4>\n<p><em><strong><span class=\"x1c3i2sq x19la9d6 x1fc57z9 xexx8yu x19um543 x18d9i69 x1m6msm x6ikm8r x10wlt62 x19co3pv x1g5zs5t xfibh0p xiy17q3 x1xsqp64\"><span class=\"\">\ud83d\udccd <\/span><\/span>PIAZZA L. CARLI, Castelnuovo di Garfagnana (LU)<\/strong><\/em><\/p>\n<p><b style=\"font-family: inherit; font-size: inherit; background-color: transparent;\">Racconti e cronache della lotta antifascista<br \/>\n<\/b><span style=\"font-family: inherit; font-size: inherit; background-color: transparent;\">Con Giuliana Colzi, Andrea Costagli, Dimitri Frosali, Lucia Socci<br \/>\n<\/span><span style=\"font-family: inherit; font-size: inherit; background-color: transparent;\">E gli allievi dell\u2019Accademia Vittorio Alfieri<\/span><\/p>\n<div align=\"justify\"><span style=\"font-family: Avenir-Book;\">Tratto dall\u2019omonimo libro edito da Pacini Fazzi, \u201cLa Resistenza in lucchesia &#8211; Racconti e cronache della lotta antifascista\u201d<\/span><span style=\"font-family: Avenir-Book;\">\u00e8 lo spettacolo che Arca Azzurra proporr\u00e0 gioved\u00ec 24 luglio in piazza Luigi Carli a Castelnuovo di Garfagnana (Lucca).<\/span><\/div>\n<div align=\"justify\"><span style=\"font-family: Avenir-Book;\">Brani di scrittori legati al territorio e narrazioni degli eventi storici verranno proposti in forma di lettura scenica. Sul palco si alterneranno Giuliana Colzi, Andrea Costagli, Dimitri Frosali, Lucia Socci e e gli allievi dell\u2019Accademia Vittorio Alfieri Manuel Pellegrini, Viola Russo, Aurora Martinelli e Celeste Canali.<\/span><\/div>\n<p><em>\u00a0<\/em><\/td>\n<td style=\"text-align: center;\"><a href=\"https:\/\/www.ticketone.it\/eventseries\/la-resistenza-in-lucchesia-3923685\/?affiliate=PI8 target=\"><img loading=\"lazy\" decoding=\"async\" class=\"\" src=\"https:\/\/www.festivalmontalfonso.it\/wp-content\/uploads\/2025\/05\/Prenotazione.png\" width=\"1000\" height=\"186\" \/><\/a><\/td>\n<\/tr>\n<\/tbody>\n<\/table>\n<p>&nbsp;<\/p>\n","protected":false},"excerpt":{"rendered":"<p>Gioved\u00ec 24 Luglio ore 21:15 \ud83d\udccd PIAZZA L. CARLI, Castelnuovo di Garfagnana (LU) Racconti e cronache della lotta antifascista Con Giuliana Colzi, Andrea Costagli, Dimitri Frosali, Lucia Socci E gli allievi dell\u2019Accademia Vittorio Alfieri Tratto dall\u2019omonimo libro edito da Pacini Fazzi, \u201cLa Resistenza in lucchesia &#8211; Racconti e cronache della lotta antifascista\u201d\u00e8 lo spettacolo che Arca Azzurra proporr\u00e0 gioved\u00ec 24 [&hellip;]<\/p>\n","protected":false},"author":1,"featured_media":621,"comment_status":"closed","ping_status":"closed","sticky":false,"template":"","format":"standard","meta":{"footnotes":""},"categories":[1],"tags":[],"class_list":["post-619","post","type-post","status-publish","format-standard","has-post-thumbnail","hentry","category-spettacoli-2025"],"_links":{"self":[{"href":"https:\/\/www.festivalmontalfonso.it\/index.php\/wp-json\/wp\/v2\/posts\/619","targetHints":{"allow":["GET"]}}],"collection":[{"href":"https:\/\/www.festivalmontalfonso.it\/index.php\/wp-json\/wp\/v2\/posts"}],"about":[{"href":"https:\/\/www.festivalmontalfonso.it\/index.php\/wp-json\/wp\/v2\/types\/post"}],"author":[{"embeddable":true,"href":"https:\/\/www.festivalmontalfonso.it\/index.php\/wp-json\/wp\/v2\/users\/1"}],"replies":[{"embeddable":true,"href":"https:\/\/www.festivalmontalfonso.it\/index.php\/wp-json\/wp\/v2\/comments?post=619"}],"version-history":[{"count":3,"href":"https:\/\/www.festivalmontalfonso.it\/index.php\/wp-json\/wp\/v2\/posts\/619\/revisions"}],"predecessor-version":[{"id":623,"href":"https:\/\/www.festivalmontalfonso.it\/index.php\/wp-json\/wp\/v2\/posts\/619\/revisions\/623"}],"wp:featuredmedia":[{"embeddable":true,"href":"https:\/\/www.festivalmontalfonso.it\/index.php\/wp-json\/wp\/v2\/media\/621"}],"wp:attachment":[{"href":"https:\/\/www.festivalmontalfonso.it\/index.php\/wp-json\/wp\/v2\/media?parent=619"}],"wp:term":[{"taxonomy":"category","embeddable":true,"href":"https:\/\/www.festivalmontalfonso.it\/index.php\/wp-json\/wp\/v2\/categories?post=619"},{"taxonomy":"post_tag","embeddable":true,"href":"https:\/\/www.festivalmontalfonso.it\/index.php\/wp-json\/wp\/v2\/tags?post=619"}],"curies":[{"name":"wp","href":"https:\/\/api.w.org\/{rel}","templated":true}]}}