{"id":331,"date":"2025-03-14T09:51:54","date_gmt":"2025-03-14T08:51:54","guid":{"rendered":"http:\/\/tjnifjj.cluster027.hosting.ovh.net\/?p=331"},"modified":"2025-08-22T11:57:38","modified_gmt":"2025-08-22T09:57:38","slug":"angelo-branduardi","status":"publish","type":"post","link":"https:\/\/www.festivalmontalfonso.it\/index.php\/2025\/03\/14\/angelo-branduardi\/","title":{"rendered":"Angelo Branduardi"},"content":{"rendered":"<table width=\"1000%\">\n<tbody>\n<tr>\n<td>\n<h4><strong>Gioved\u00ec 21 Agosto ore 21:00<\/strong><\/h4>\n<p class=\"p2\">In occasione degli 800 anni dalla stesura del Cantico delle Creature, prende vita il nuovo tour di <strong>Angelo Branduardi<\/strong>: &#8220;<strong>Il Cantico<\/strong>&#8220;. Un evento unico che trasporter\u00e0 il pubblico in un viaggio musicale e spirituale attraverso la vita e le parole di San Francesco d&#8217;Assisi, figura iconica di luce, povert\u00e0, letizia e poesia.<\/p>\n<p class=\"p2\">Il tour si ispira alla figura solare e vitale del &#8220;Poverello di Assisi,&#8221; come racconta lo stesso Branduardi:<br \/>\n<em>\u201cLa vita di San Francesco d\u2019Assisi \u00e9 quella di un uomo che diventa Santo&#8230; un uomo (e quindi un Santo) che sceglie la gioia di vivere, la raccomanda ai suoi discepoli, ama la povert\u00e0 &#8216;mai disgiunta dalla letizia&#8217;&#8230; Francesco \u00e9 oggi pi\u00f9 che mai Santo, ma \u00e8 anche grande poeta; amava cantare e lo faceva spesso, anche da solo&#8230; io ho provato a ridare voce alle sue parole perch\u00e9 si possa di nuovo cantarle.\u201d<\/em><\/p>\n<\/td>\n<td style=\"text-align: center;\"><a href=\"https:\/\/www.ticketone.it\/event\/angelo-branduardi-il-cantico-fortezza-di-montalfonso-19973663\/\/ target=\"><img loading=\"lazy\" decoding=\"async\" class=\"\" src=\"https:\/\/www.festivalmontalfonso.it\/wp-content\/uploads\/2025\/04\/Biglietti.png\" width=\"1000\" height=\"186\" \/><\/a>1\u00b0 Settore \u20ac 40,00<br \/>\n2\u00b0 Settore \u20ac 34,00<br \/>\n3\u00b0 Settore \u20ac 26,00<br \/>\n4\u00b0 Settore \u20ac 20,00<\/td>\n<\/tr>\n<\/tbody>\n<\/table>\n<p><span class=\"x1c3i2sq x19la9d6 x1fc57z9 xexx8yu x19um543 x18d9i69 x1m6msm x6ikm8r x10wlt62 x19co3pv x1g5zs5t xfibh0p xiy17q3 x1xsqp64\"><span class=\"\">\ud83d\udccd<\/span><\/span><a href=\"https:\/\/www.festivalmontalfonso.it\/index.php\/come-raggiungerci\/\">Come raggiungerci<\/a><\/p>\n<p>A causa delle condizioni meteo lo spettacolo \u00e8 stato ANNULLATO!<br \/>\n<a href=\"https:\/\/www.festivalmontalfonso.it\/index.php\/2025\/08\/22\/annullamento-branduardi\/\">QUI<\/a> tutte le info per il rimborso.<\/p>\n","protected":false},"excerpt":{"rendered":"<p>Gioved\u00ec 21 Agosto ore 21:00 In occasione degli 800 anni dalla stesura del Cantico delle Creature, prende vita il nuovo tour di Angelo Branduardi: &#8220;Il Cantico&#8220;. Un evento unico che trasporter\u00e0 il pubblico in un viaggio musicale e spirituale attraverso la vita e le parole di San Francesco d&#8217;Assisi, figura iconica di luce, povert\u00e0, letizia e poesia. Il tour si [&hellip;]<\/p>\n","protected":false},"author":1,"featured_media":332,"comment_status":"closed","ping_status":"closed","sticky":false,"template":"","format":"standard","meta":{"footnotes":""},"categories":[1],"tags":[],"class_list":["post-331","post","type-post","status-publish","format-standard","has-post-thumbnail","hentry","category-spettacoli-2025"],"_links":{"self":[{"href":"https:\/\/www.festivalmontalfonso.it\/index.php\/wp-json\/wp\/v2\/posts\/331","targetHints":{"allow":["GET"]}}],"collection":[{"href":"https:\/\/www.festivalmontalfonso.it\/index.php\/wp-json\/wp\/v2\/posts"}],"about":[{"href":"https:\/\/www.festivalmontalfonso.it\/index.php\/wp-json\/wp\/v2\/types\/post"}],"author":[{"embeddable":true,"href":"https:\/\/www.festivalmontalfonso.it\/index.php\/wp-json\/wp\/v2\/users\/1"}],"replies":[{"embeddable":true,"href":"https:\/\/www.festivalmontalfonso.it\/index.php\/wp-json\/wp\/v2\/comments?post=331"}],"version-history":[{"count":5,"href":"https:\/\/www.festivalmontalfonso.it\/index.php\/wp-json\/wp\/v2\/posts\/331\/revisions"}],"predecessor-version":[{"id":695,"href":"https:\/\/www.festivalmontalfonso.it\/index.php\/wp-json\/wp\/v2\/posts\/331\/revisions\/695"}],"wp:featuredmedia":[{"embeddable":true,"href":"https:\/\/www.festivalmontalfonso.it\/index.php\/wp-json\/wp\/v2\/media\/332"}],"wp:attachment":[{"href":"https:\/\/www.festivalmontalfonso.it\/index.php\/wp-json\/wp\/v2\/media?parent=331"}],"wp:term":[{"taxonomy":"category","embeddable":true,"href":"https:\/\/www.festivalmontalfonso.it\/index.php\/wp-json\/wp\/v2\/categories?post=331"},{"taxonomy":"post_tag","embeddable":true,"href":"https:\/\/www.festivalmontalfonso.it\/index.php\/wp-json\/wp\/v2\/tags?post=331"}],"curies":[{"name":"wp","href":"https:\/\/api.w.org\/{rel}","templated":true}]}}