{"id":291,"date":"2025-03-05T18:07:07","date_gmt":"2025-03-05T17:07:07","guid":{"rendered":"http:\/\/tjnifjj.cluster027.hosting.ovh.net\/?p=291"},"modified":"2025-07-04T12:48:27","modified_gmt":"2025-07-04T10:48:27","slug":"stefano-bollani","status":"publish","type":"post","link":"https:\/\/www.festivalmontalfonso.it\/index.php\/2025\/03\/05\/stefano-bollani\/","title":{"rendered":"Stefano Bollani"},"content":{"rendered":"<table width=\"1000%\">\n<tbody>\n<tr>\n<td>\n<h4><strong>Sabato 9 Agosto ore 21:15<\/strong><\/h4>\n<p>Come \u00e8 ormai consuetudine quando <strong>Stefano Bollani<\/strong> sale sul palco, ogni concerto promette di essere un evento unico. Nelle sue performance non c\u2019\u00e8 niente di programmato: <em>Piano Solo <\/em>\u00e8 uno spettacolo che rinasce ogni sera con un repertorio sempre inaspettato in cui il flusso musicale \u00e8 governato dall\u2019estro del momento.<\/p>\n<p>Al pianoforte, Bollani riesce a creare sempre qualcosa di inedito saltando fra i generi e le epoche, dalla musica classica al jazz ai ritmi sudamericani, da Poulenc a Lucio Dalla passando per Frank Zappa, in un grande gioco musicale dove a condurre sono improvvisazione e creativit\u00e0. C\u2019\u00e8, per\u00f2, un unico punto fermo negli spettacoli di Bollani: la grande chimica con il suo pubblico.<\/td>\n<td style=\"text-align: center;\"><a href=\"https:\/\/www.ticketone.it\/event\/stefano-bollani-piano-solo-fortezza-di-montalfonso-19881815\/ target=\"><img loading=\"lazy\" decoding=\"async\" class=\"\" src=\"https:\/\/www.festivalmontalfonso.it\/wp-content\/uploads\/2025\/04\/Biglietti.png\" width=\"1000\" height=\"186\" \/><\/a>1\u00b0 Settore \u20ac 50,00<br \/>\n2\u00b0 Settore \u20ac 40,25<br \/>\n3\u00b0 Settore \u20ac 31,00<br \/>\n4\u00b0 Settore \u20ac 25,30<\/td>\n<\/tr>\n<\/tbody>\n<\/table>\n<p><span class=\"x1c3i2sq x19la9d6 x1fc57z9 xexx8yu x19um543 x18d9i69 x1m6msm x6ikm8r x10wlt62 x19co3pv x1g5zs5t xfibh0p xiy17q3 x1xsqp64\"><span class=\"\">\ud83d\udccd<\/span><\/span><a href=\"https:\/\/www.festivalmontalfonso.it\/index.php\/come-raggiungerci\/\">Come raggiungerci<\/a><\/p>\n","protected":false},"excerpt":{"rendered":"<p>Sabato 9 Agosto ore 21:15 Come \u00e8 ormai consuetudine quando Stefano Bollani sale sul palco, ogni concerto promette di essere un evento unico. Nelle sue performance non c\u2019\u00e8 niente di programmato: Piano Solo \u00e8 uno spettacolo che rinasce ogni sera con un repertorio sempre inaspettato in cui il flusso musicale \u00e8 governato dall\u2019estro del momento. Al pianoforte, Bollani riesce a [&hellip;]<\/p>\n","protected":false},"author":1,"featured_media":296,"comment_status":"closed","ping_status":"closed","sticky":false,"template":"","format":"standard","meta":{"footnotes":""},"categories":[1],"tags":[],"class_list":["post-291","post","type-post","status-publish","format-standard","has-post-thumbnail","hentry","category-spettacoli-2025"],"_links":{"self":[{"href":"https:\/\/www.festivalmontalfonso.it\/index.php\/wp-json\/wp\/v2\/posts\/291","targetHints":{"allow":["GET"]}}],"collection":[{"href":"https:\/\/www.festivalmontalfonso.it\/index.php\/wp-json\/wp\/v2\/posts"}],"about":[{"href":"https:\/\/www.festivalmontalfonso.it\/index.php\/wp-json\/wp\/v2\/types\/post"}],"author":[{"embeddable":true,"href":"https:\/\/www.festivalmontalfonso.it\/index.php\/wp-json\/wp\/v2\/users\/1"}],"replies":[{"embeddable":true,"href":"https:\/\/www.festivalmontalfonso.it\/index.php\/wp-json\/wp\/v2\/comments?post=291"}],"version-history":[{"count":5,"href":"https:\/\/www.festivalmontalfonso.it\/index.php\/wp-json\/wp\/v2\/posts\/291\/revisions"}],"predecessor-version":[{"id":540,"href":"https:\/\/www.festivalmontalfonso.it\/index.php\/wp-json\/wp\/v2\/posts\/291\/revisions\/540"}],"wp:featuredmedia":[{"embeddable":true,"href":"https:\/\/www.festivalmontalfonso.it\/index.php\/wp-json\/wp\/v2\/media\/296"}],"wp:attachment":[{"href":"https:\/\/www.festivalmontalfonso.it\/index.php\/wp-json\/wp\/v2\/media?parent=291"}],"wp:term":[{"taxonomy":"category","embeddable":true,"href":"https:\/\/www.festivalmontalfonso.it\/index.php\/wp-json\/wp\/v2\/categories?post=291"},{"taxonomy":"post_tag","embeddable":true,"href":"https:\/\/www.festivalmontalfonso.it\/index.php\/wp-json\/wp\/v2\/tags?post=291"}],"curies":[{"name":"wp","href":"https:\/\/api.w.org\/{rel}","templated":true}]}}